{"id":2691,"date":"2021-06-08T07:52:05","date_gmt":"2021-06-08T05:52:05","guid":{"rendered":"https:\/\/www.solidarieta.re.it\/?p=2691"},"modified":"2021-06-08T07:52:05","modified_gmt":"2021-06-08T05:52:05","slug":"school-social-garden","status":"publish","type":"post","link":"https:\/\/www.solidarieta.re.it\/index.php\/2021\/06\/08\/school-social-garden\/","title":{"rendered":"\u201cSchool social garden\u201d"},"content":{"rendered":"\n<p>Inaugurato l\u2019Orto di quartiere all\u2019interno del giardino scolastico della <a rel=\"noreferrer noopener\" href=\"https:\/\/www.facebook.com\/ScuolaInfanziaElisaLari?__cft__[0]=AZV2EvWmeG1XdlAIjOrQcw2ah_pj2HjqueomFAiPV2itFTgJm9ftnhdvU7TTPWinHyhoB9KovKZccnd4J2n4q1rpdqlBwcyif_gUPMeZHM9ZzJVUPhJZV4NuM1lHYa3WwMAnl_OoH_y1erEmhUBjF-0oGPJZWgL7bsfxVuw4LTfQOIQVTdULI0MzwahiDATzR8o&amp;__tn__=-]K-R\" target=\"_blank\">Scuola dell&#8217;infanzia Elisa Lari<\/a>, in via ParadisiOutdoor education, educazione alla sostenibilit\u00e0 e orticultura: un <a rel=\"noreferrer noopener\" href=\"https:\/\/www.facebook.com\/hashtag\/progettodicomunit%C3%A0?__eep__=6&amp;__cft__[0]=AZV2EvWmeG1XdlAIjOrQcw2ah_pj2HjqueomFAiPV2itFTgJm9ftnhdvU7TTPWinHyhoB9KovKZccnd4J2n4q1rpdqlBwcyif_gUPMeZHM9ZzJVUPhJZV4NuM1lHYa3WwMAnl_OoH_y1erEmhUBjF-0oGPJZWgL7bsfxVuw4LTfQOIQVTdULI0MzwahiDATzR8o&amp;__tn__=*NK-R\" target=\"_blank\">progetto di comunit\u00e0<\/a> aperto alle famiglie del quartiere e ai bambini del doposcuola, con i quali abbiamo iniziato a fare attivit\u00e0 nell\u2019orto<br>Con noi <a rel=\"noreferrer noopener\" href=\"https:\/\/www.facebook.com\/coopaccento\/?__cft__[0]=AZV2EvWmeG1XdlAIjOrQcw2ah_pj2HjqueomFAiPV2itFTgJm9ftnhdvU7TTPWinHyhoB9KovKZccnd4J2n4q1rpdqlBwcyif_gUPMeZHM9ZzJVUPhJZV4NuM1lHYa3WwMAnl_OoH_y1erEmhUBjF-0oGPJZWgL7bsfxVuw4LTfQOIQVTdULI0MzwahiDATzR8o&amp;__tn__=kK-R\" target=\"_blank\">Accento Cooperativa<\/a>, <a rel=\"noreferrer noopener\" href=\"https:\/\/www.facebook.com\/coop.ovile\/?__cft__[0]=AZV2EvWmeG1XdlAIjOrQcw2ah_pj2HjqueomFAiPV2itFTgJm9ftnhdvU7TTPWinHyhoB9KovKZccnd4J2n4q1rpdqlBwcyif_gUPMeZHM9ZzJVUPhJZV4NuM1lHYa3WwMAnl_OoH_y1erEmhUBjF-0oGPJZWgL7bsfxVuw4LTfQOIQVTdULI0MzwahiDATzR8o&amp;__tn__=kK-R\" target=\"_blank\">L&#8217;Ovile Cooperativa Sociale<\/a>, Associazione TILT e <a rel=\"noreferrer noopener\" href=\"https:\/\/www.facebook.com\/comunitaimpossibile\/?__cft__[0]=AZV2EvWmeG1XdlAIjOrQcw2ah_pj2HjqueomFAiPV2itFTgJm9ftnhdvU7TTPWinHyhoB9KovKZccnd4J2n4q1rpdqlBwcyif_gUPMeZHM9ZzJVUPhJZV4NuM1lHYa3WwMAnl_OoH_y1erEmhUBjF-0oGPJZWgL7bsfxVuw4LTfQOIQVTdULI0MzwahiDATzR8o&amp;__tn__=kK-R\" target=\"_blank\">Cooperativa di Comunit\u00e0 Impossibile<\/a><\/p>\n\n\n\n<figure class=\"wp-block-gallery columns-3 is-cropped\"><ul class=\"blocks-gallery-grid\"><li class=\"blocks-gallery-item\"><figure><a href=\"https:\/\/www.solidarieta.re.it\/wp-content\/uploads\/2021\/06\/5.jpg\"><img loading=\"lazy\" width=\"768\" height=\"1024\" src=\"https:\/\/www.solidarieta.re.it\/wp-content\/uploads\/2021\/06\/5-768x1024.jpg\" alt=\"\" data-id=\"2692\" data-full-url=\"https:\/\/www.solidarieta.re.it\/wp-content\/uploads\/2021\/06\/5.jpg\" data-link=\"https:\/\/www.solidarieta.re.it\/?attachment_id=2692\" class=\"wp-image-2692\" srcset=\"https:\/\/www.solidarieta.re.it\/wp-content\/uploads\/2021\/06\/5-768x1024.jpg 768w, https:\/\/www.solidarieta.re.it\/wp-content\/uploads\/2021\/06\/5-225x300.jpg 225w, https:\/\/www.solidarieta.re.it\/wp-content\/uploads\/2021\/06\/5-1152x1536.jpg 1152w, https:\/\/www.solidarieta.re.it\/wp-content\/uploads\/2021\/06\/5.jpg 1536w\" sizes=\"(max-width: 768px) 100vw, 768px\" \/><\/a><\/figure><\/li><li class=\"blocks-gallery-item\"><figure><a href=\"https:\/\/www.solidarieta.re.it\/wp-content\/uploads\/2021\/06\/4.jpg\"><img loading=\"lazy\" width=\"1536\" height=\"2048\" src=\"https:\/\/www.solidarieta.re.it\/wp-content\/uploads\/2021\/06\/4-768x1024.jpg\" alt=\"\" data-id=\"2693\" data-full-url=\"https:\/\/www.solidarieta.re.it\/wp-content\/uploads\/2021\/06\/4.jpg\" data-link=\"https:\/\/www.solidarieta.re.it\/?attachment_id=2693\" class=\"wp-image-2693\" srcset=\"https:\/\/www.solidarieta.re.it\/wp-content\/uploads\/2021\/06\/4-768x1024.jpg 768w, https:\/\/www.solidarieta.re.it\/wp-content\/uploads\/2021\/06\/4-225x300.jpg 225w, https:\/\/www.solidarieta.re.it\/wp-content\/uploads\/2021\/06\/4-1152x1536.jpg 1152w, https:\/\/www.solidarieta.re.it\/wp-content\/uploads\/2021\/06\/4.jpg 1536w\" sizes=\"(max-width: 1536px) 100vw, 1536px\" \/><\/a><\/figure><\/li><li class=\"blocks-gallery-item\"><figure><a href=\"https:\/\/www.solidarieta.re.it\/wp-content\/uploads\/2021\/06\/3.jpg\"><img loading=\"lazy\" width=\"768\" height=\"1024\" src=\"https:\/\/www.solidarieta.re.it\/wp-content\/uploads\/2021\/06\/3-768x1024.jpg\" alt=\"\" data-id=\"2694\" data-full-url=\"https:\/\/www.solidarieta.re.it\/wp-content\/uploads\/2021\/06\/3.jpg\" data-link=\"https:\/\/www.solidarieta.re.it\/?attachment_id=2694\" class=\"wp-image-2694\" srcset=\"https:\/\/www.solidarieta.re.it\/wp-content\/uploads\/2021\/06\/3-768x1024.jpg 768w, https:\/\/www.solidarieta.re.it\/wp-content\/uploads\/2021\/06\/3-225x300.jpg 225w, https:\/\/www.solidarieta.re.it\/wp-content\/uploads\/2021\/06\/3-1152x1536.jpg 1152w, https:\/\/www.solidarieta.re.it\/wp-content\/uploads\/2021\/06\/3.jpg 1536w\" sizes=\"(max-width: 768px) 100vw, 768px\" \/><\/a><\/figure><\/li><li class=\"blocks-gallery-item\"><figure><a href=\"https:\/\/www.solidarieta.re.it\/wp-content\/uploads\/2021\/06\/2.jpg\"><img loading=\"lazy\" width=\"768\" height=\"1024\" src=\"https:\/\/www.solidarieta.re.it\/wp-content\/uploads\/2021\/06\/2-768x1024.jpg\" alt=\"\" data-id=\"2695\" data-full-url=\"https:\/\/www.solidarieta.re.it\/wp-content\/uploads\/2021\/06\/2.jpg\" data-link=\"https:\/\/www.solidarieta.re.it\/?attachment_id=2695\" class=\"wp-image-2695\" srcset=\"https:\/\/www.solidarieta.re.it\/wp-content\/uploads\/2021\/06\/2-768x1024.jpg 768w, https:\/\/www.solidarieta.re.it\/wp-content\/uploads\/2021\/06\/2-225x300.jpg 225w, https:\/\/www.solidarieta.re.it\/wp-content\/uploads\/2021\/06\/2-1152x1536.jpg 1152w, https:\/\/www.solidarieta.re.it\/wp-content\/uploads\/2021\/06\/2.jpg 1536w\" sizes=\"(max-width: 768px) 100vw, 768px\" \/><\/a><\/figure><\/li><li class=\"blocks-gallery-item\"><figure><a href=\"https:\/\/www.solidarieta.re.it\/wp-content\/uploads\/2021\/06\/1.jpg\"><img loading=\"lazy\" width=\"768\" height=\"1024\" src=\"https:\/\/www.solidarieta.re.it\/wp-content\/uploads\/2021\/06\/1-768x1024.jpg\" alt=\"\" data-id=\"2696\" data-full-url=\"https:\/\/www.solidarieta.re.it\/wp-content\/uploads\/2021\/06\/1.jpg\" data-link=\"https:\/\/www.solidarieta.re.it\/?attachment_id=2696\" class=\"wp-image-2696\" srcset=\"https:\/\/www.solidarieta.re.it\/wp-content\/uploads\/2021\/06\/1-768x1024.jpg 768w, https:\/\/www.solidarieta.re.it\/wp-content\/uploads\/2021\/06\/1-225x300.jpg 225w, https:\/\/www.solidarieta.re.it\/wp-content\/uploads\/2021\/06\/1-1152x1536.jpg 1152w, https:\/\/www.solidarieta.re.it\/wp-content\/uploads\/2021\/06\/1.jpg 1536w\" sizes=\"(max-width: 768px) 100vw, 768px\" \/><\/a><\/figure><\/li><\/ul><\/figure>\n","protected":false},"excerpt":{"rendered":"<p>Inaugurato l\u2019Orto di quartiere all\u2019interno del giardino scolastico della Scuola dell&#8217;infanzia Elisa Lari, in via ParadisiOutdoor education, educazione alla sostenibilit\u00e0 e orticultura: un progetto di comunit\u00e0 aperto alle famiglie del quartiere e ai bambini del doposcuola, con i quali abbiamo iniziato a fare attivit\u00e0 nell\u2019ortoCon noi Accento Cooperativa, L&#8217;Ovile Cooperativa Sociale, Associazione TILT e Cooperativa [&hellip;]<\/p>\n","protected":false},"author":2,"featured_media":2694,"comment_status":"closed","ping_status":"open","sticky":false,"template":"","format":"standard","meta":[],"categories":[4],"tags":[],"_links":{"self":[{"href":"https:\/\/www.solidarieta.re.it\/index.php\/wp-json\/wp\/v2\/posts\/2691"}],"collection":[{"href":"https:\/\/www.solidarieta.re.it\/index.php\/wp-json\/wp\/v2\/posts"}],"about":[{"href":"https:\/\/www.solidarieta.re.it\/index.php\/wp-json\/wp\/v2\/types\/post"}],"author":[{"embeddable":true,"href":"https:\/\/www.solidarieta.re.it\/index.php\/wp-json\/wp\/v2\/users\/2"}],"replies":[{"embeddable":true,"href":"https:\/\/www.solidarieta.re.it\/index.php\/wp-json\/wp\/v2\/comments?post=2691"}],"version-history":[{"count":1,"href":"https:\/\/www.solidarieta.re.it\/index.php\/wp-json\/wp\/v2\/posts\/2691\/revisions"}],"predecessor-version":[{"id":2697,"href":"https:\/\/www.solidarieta.re.it\/index.php\/wp-json\/wp\/v2\/posts\/2691\/revisions\/2697"}],"wp:featuredmedia":[{"embeddable":true,"href":"https:\/\/www.solidarieta.re.it\/index.php\/wp-json\/wp\/v2\/media\/2694"}],"wp:attachment":[{"href":"https:\/\/www.solidarieta.re.it\/index.php\/wp-json\/wp\/v2\/media?parent=2691"}],"wp:term":[{"taxonomy":"category","embeddable":true,"href":"https:\/\/www.solidarieta.re.it\/index.php\/wp-json\/wp\/v2\/categories?post=2691"},{"taxonomy":"post_tag","embeddable":true,"href":"https:\/\/www.solidarieta.re.it\/index.php\/wp-json\/wp\/v2\/tags?post=2691"}],"curies":[{"name":"wp","href":"https:\/\/api.w.org\/{rel}","templated":true}]}}